{"id":3904,"date":"2025-12-10T09:09:39","date_gmt":"2025-12-10T08:09:39","guid":{"rendered":"http:\/\/lemilitarial.com\/wp\/?p=3904"},"modified":"2025-12-10T09:13:14","modified_gmt":"2025-12-10T08:13:14","slug":"visite-du-college-jean-monnet-de-castres","status":"publish","type":"post","link":"http:\/\/lemilitarial.com\/wp\/2025\/12\/10\/visite-du-college-jean-monnet-de-castres\/","title":{"rendered":"Visite du coll\u00e8ge Jean Monnet de Castres"},"content":{"rendered":"<p>Mardi 9 d\u00e9cembre apr\u00e8s-midi, nous avons re\u00e7u au mus\u00e9e des \u00e9l\u00e8ves du coll\u00e8ge Jean Monnet de Castres. Il s&rsquo;agissait d&rsquo;un groupe d&rsquo;\u00e9l\u00e8ves de 4\u00e8me et 3\u00e8me de l&rsquo;atelier \u00ab\u00a0Patrimoine et M\u00e9moires\u00a0\u00bb du coll\u00e8ge. Une quinzaine d&rsquo;\u00e9l\u00e8ves,&nbsp; tous volontaires pour cet atelier \u00e9taient accompagn\u00e9s par leurs professeurs Mesdames Bouyssou et Barthas.<\/p>\n<p>Accueillis dans notre salle de r\u00e9union par le Pr\u00e9sident Jean-Pierre Darmais, les \u00e9l\u00e8ves ont ensuite assist\u00e9 \u00e0 une conf\u00e9rence de Claude Castan sur le Corps Franc de la Montagne Noire. Ils ont ainsi d\u00e9couvert les hommes et les combats de ce maquis, ce qui devrait leur permettre de mieux comprendre leur visite au monument de Fontbruno pr\u00e9vue d&rsquo;ici quelques semaines. Une fois encore la salle de r\u00e9union r\u00e9alis\u00e9e en partie gr\u00e2ce au \u00ab\u00a0Budget Participatif du d\u00e9partement du Tarn 2021\u00a0\u00bb nous a permis de mieux accueillir les \u00e9l\u00e8ves et de mieux valoriser les visites.<\/p>\n<p>L&rsquo;apr\u00e8s-midi s&rsquo;est poursuivie par la visite du mus\u00e9e et les explications de Olivier, Jean-Claude et Claude. Tous les \u00e9l\u00e8ves ont \u00e9t\u00e9 tr\u00e8s int\u00e9ress\u00e9s par cette visite, l&rsquo;histoire des objets et des combattants.&nbsp;<\/p>\n<p>Un apr\u00e8s-midi o\u00f9 notre devise \u00ab\u00a0Patrimoine-M\u00e9moire-P\u00e9dagogie\u00a0\u00bb \u00e9tait bien au rendez-vous avec cette visite de l&rsquo;atelier \u00ab\u00a0Patrimoine-M\u00e9moires\u00a0\u00bb du coll\u00e8ge Jean Monnet de Castres.<\/p>\n<p>Merci aux \u00e9l\u00e8ves, \u00e0 leurs enseignantes ,et aux b\u00e9n\u00e9voles du mus\u00e9e.<\/p>\n","protected":false},"excerpt":{"rendered":"<p>Mardi 9 d\u00e9cembre apr\u00e8s-midi, nous avons re\u00e7u au mus\u00e9e des \u00e9l\u00e8ves du coll\u00e8ge Jean Monnet de Castres. Il s&rsquo;agissait d&rsquo;un groupe d&rsquo;\u00e9l\u00e8ves de 4\u00e8me et 3\u00e8me de l&rsquo;atelier \u00ab\u00a0Patrimoine et M\u00e9moires\u00a0\u00bb du coll\u00e8ge. Une quinzaine d&rsquo;\u00e9l\u00e8ves,&nbsp; tous volontaires pour cet&#8230;<br \/><a class=\"read-more-button\" href=\"http:\/\/lemilitarial.com\/wp\/2025\/12\/10\/visite-du-college-jean-monnet-de-castres\/\">Savoir plus<\/a><\/p>\n","protected":false},"author":1,"featured_media":3905,"comment_status":"closed","ping_status":"closed","sticky":false,"template":"","format":"standard","meta":{"ngg_post_thumbnail":0,"footnotes":""},"categories":[9,8,19,6],"tags":[],"class_list":["post-3904","post","type-post","status-publish","format-standard","has-post-thumbnail","hentry","category-actualites","category-conferences","category-vie-des-combattants","category-vie-du-musee"],"_links":{"self":[{"href":"http:\/\/lemilitarial.com\/wp\/wp-json\/wp\/v2\/posts\/3904","targetHints":{"allow":["GET"]}}],"collection":[{"href":"http:\/\/lemilitarial.com\/wp\/wp-json\/wp\/v2\/posts"}],"about":[{"href":"http:\/\/lemilitarial.com\/wp\/wp-json\/wp\/v2\/types\/post"}],"author":[{"embeddable":true,"href":"http:\/\/lemilitarial.com\/wp\/wp-json\/wp\/v2\/users\/1"}],"replies":[{"embeddable":true,"href":"http:\/\/lemilitarial.com\/wp\/wp-json\/wp\/v2\/comments?post=3904"}],"version-history":[{"count":4,"href":"http:\/\/lemilitarial.com\/wp\/wp-json\/wp\/v2\/posts\/3904\/revisions"}],"predecessor-version":[{"id":3909,"href":"http:\/\/lemilitarial.com\/wp\/wp-json\/wp\/v2\/posts\/3904\/revisions\/3909"}],"wp:featuredmedia":[{"embeddable":true,"href":"http:\/\/lemilitarial.com\/wp\/wp-json\/wp\/v2\/media\/3905"}],"wp:attachment":[{"href":"http:\/\/lemilitarial.com\/wp\/wp-json\/wp\/v2\/media?parent=3904"}],"wp:term":[{"taxonomy":"category","embeddable":true,"href":"http:\/\/lemilitarial.com\/wp\/wp-json\/wp\/v2\/categories?post=3904"},{"taxonomy":"post_tag","embeddable":true,"href":"http:\/\/lemilitarial.com\/wp\/wp-json\/wp\/v2\/tags?post=3904"}],"curies":[{"name":"wp","href":"https:\/\/api.w.org\/{rel}","templated":true}]}}