{"id":3212,"date":"2023-10-16T22:00:06","date_gmt":"2023-10-16T20:00:06","guid":{"rendered":"http:\/\/lemilitarial.com\/wp\/?p=3212"},"modified":"2023-10-16T22:00:06","modified_gmt":"2023-10-16T20:00:06","slug":"ouverture-exceptionnelle-du-musee-le-11-novembre-2023","status":"publish","type":"post","link":"http:\/\/lemilitarial.com\/wp\/2023\/10\/16\/ouverture-exceptionnelle-du-musee-le-11-novembre-2023\/","title":{"rendered":"Ouverture exceptionnelle du mus\u00e9e le 11 novembre 2023"},"content":{"rendered":"<p><img loading=\"lazy\" decoding=\"async\" class=\"wp-image-2019 size-medium alignleft\" src=\"http:\/\/lemilitarial.com\/wp\/wp-content\/uploads\/2020\/06\/2soldats-300x300.jpg\" alt=\"\" width=\"300\" height=\"300\" srcset=\"http:\/\/lemilitarial.com\/wp\/wp-content\/uploads\/2020\/06\/2soldats-300x300.jpg 300w, http:\/\/lemilitarial.com\/wp\/wp-content\/uploads\/2020\/06\/2soldats-150x150.jpg 150w, http:\/\/lemilitarial.com\/wp\/wp-content\/uploads\/2020\/06\/2soldats-400x400.jpg 400w, http:\/\/lemilitarial.com\/wp\/wp-content\/uploads\/2020\/06\/2soldats-45x45.jpg 45w, http:\/\/lemilitarial.com\/wp\/wp-content\/uploads\/2020\/06\/2soldats.jpg 500w\" sizes=\"auto, (max-width: 300px) 100vw, 300px\" \/>Afin de comm\u00e9morer la fin de la guerre 1914-1918, le Mus\u00e9e M\u00e9morial pour la Paix \u2013 Le Militarial de Boissezon sera ouvert le 11 novembre en &nbsp;non stop de 10h00 \u00e0 18h00.<\/p>\n<p>Venez d\u00e9couvrir la vie des combattants de la grande guerre et rendre hommage aux 11300 soldats tarnais morts durant ce conflit.<\/p>\n<p>Plus de 5000 pi\u00e8ces sont expos\u00e9es dans les 6 salles du mus\u00e9e. Les b\u00e9n\u00e9vole de notre association se feront un plaisir de vous les faire d\u00e9couvrir.<\/p>\n<p>A 15 heures une conf\u00e9rence sur le th\u00e8me de \u00ab&nbsp;l\u2019Alimentation dans les tranch\u00e9es&nbsp;\u00bb vous racontera les difficult\u00e9s pour alimenter 2 millions d\u2019hommes r\u00e9partis sur un front de 700 kilom\u00e8tres. Vous d\u00e9couvrirez les troupeaux qui suivaient les troupes pour les alimenter en viande fra\u00eeche et apprendrez comment la Vache qui Rit est issue de cette cha\u00eene alimentaire.<\/p>\n<p><img loading=\"lazy\" decoding=\"async\" class=\"size-full wp-image-3213 aligncenter\" src=\"http:\/\/lemilitarial.com\/wp\/wp-content\/uploads\/2023\/10\/mannequin-cuisinier.jpg\" alt=\"\" width=\"228\" height=\"302\" srcset=\"http:\/\/lemilitarial.com\/wp\/wp-content\/uploads\/2023\/10\/mannequin-cuisinier.jpg 228w, http:\/\/lemilitarial.com\/wp\/wp-content\/uploads\/2023\/10\/mannequin-cuisinier-226x300.jpg 226w\" sizes=\"auto, (max-width: 228px) 100vw, 228px\" \/><\/p>\n","protected":false},"excerpt":{"rendered":"<p>Afin de comm\u00e9morer la fin de la guerre 1914-1918, le Mus\u00e9e M\u00e9morial pour la Paix \u2013 Le Militarial de Boissezon sera ouvert le 11 novembre en &nbsp;non stop de 10h00 \u00e0 18h00. Venez d\u00e9couvrir la vie des combattants de la&#8230;<br \/><a class=\"read-more-button\" href=\"http:\/\/lemilitarial.com\/wp\/2023\/10\/16\/ouverture-exceptionnelle-du-musee-le-11-novembre-2023\/\">Savoir plus<\/a><\/p>\n","protected":false},"author":1,"featured_media":2549,"comment_status":"closed","ping_status":"closed","sticky":false,"template":"","format":"standard","meta":{"ngg_post_thumbnail":0,"footnotes":""},"categories":[9,8,7,19,6],"tags":[],"class_list":["post-3212","post","type-post","status-publish","format-standard","has-post-thumbnail","hentry","category-actualites","category-conferences","category-morts-pour-la-france","category-vie-des-combattants","category-vie-du-musee"],"_links":{"self":[{"href":"http:\/\/lemilitarial.com\/wp\/wp-json\/wp\/v2\/posts\/3212","targetHints":{"allow":["GET"]}}],"collection":[{"href":"http:\/\/lemilitarial.com\/wp\/wp-json\/wp\/v2\/posts"}],"about":[{"href":"http:\/\/lemilitarial.com\/wp\/wp-json\/wp\/v2\/types\/post"}],"author":[{"embeddable":true,"href":"http:\/\/lemilitarial.com\/wp\/wp-json\/wp\/v2\/users\/1"}],"replies":[{"embeddable":true,"href":"http:\/\/lemilitarial.com\/wp\/wp-json\/wp\/v2\/comments?post=3212"}],"version-history":[{"count":1,"href":"http:\/\/lemilitarial.com\/wp\/wp-json\/wp\/v2\/posts\/3212\/revisions"}],"predecessor-version":[{"id":3214,"href":"http:\/\/lemilitarial.com\/wp\/wp-json\/wp\/v2\/posts\/3212\/revisions\/3214"}],"wp:featuredmedia":[{"embeddable":true,"href":"http:\/\/lemilitarial.com\/wp\/wp-json\/wp\/v2\/media\/2549"}],"wp:attachment":[{"href":"http:\/\/lemilitarial.com\/wp\/wp-json\/wp\/v2\/media?parent=3212"}],"wp:term":[{"taxonomy":"category","embeddable":true,"href":"http:\/\/lemilitarial.com\/wp\/wp-json\/wp\/v2\/categories?post=3212"},{"taxonomy":"post_tag","embeddable":true,"href":"http:\/\/lemilitarial.com\/wp\/wp-json\/wp\/v2\/tags?post=3212"}],"curies":[{"name":"wp","href":"https:\/\/api.w.org\/{rel}","templated":true}]}}