{"id":1114,"date":"2018-07-23T00:44:33","date_gmt":"2018-07-22T22:44:33","guid":{"rendered":"http:\/\/lemilitarial.com\/wp\/?p=1114"},"modified":"2018-07-23T09:11:44","modified_gmt":"2018-07-23T07:11:44","slug":"les-mannequins-du-musee-sur-le-tour-de-france","status":"publish","type":"post","link":"http:\/\/lemilitarial.com\/wp\/2018\/07\/23\/les-mannequins-du-musee-sur-le-tour-de-france\/","title":{"rendered":"Les mannequins du Mus\u00e9e sur le Tour de France"},"content":{"rendered":"<p>Dimanche 22 juillet lors de l&rsquo;\u00e9tape Millau Carcassonne, le Tour de France a travers\u00e9 le village de Boissezon. D\u00e8s l&rsquo;annonce de l&rsquo;\u00e9v\u00e8nement des mannequins du Mus\u00e9e avaient \u00e9mis le souhait de voir passer les coureurs.<br \/>\nMadame le Maire leur avait r\u00e9serv\u00e9 une place de choix sur le balcon de la Mairie.<\/p>\n<p>Tous ont pu admirer la caravane et les coureurs, mais France 2 a eu la mauvaise id\u00e9e de faire une coupure publicitaire au moment o\u00f9 les coureurs entraient dans Boissezon, privant ainsi les t\u00e9l\u00e9spectateurs des images de ce charmant village.<\/p>\n<p>Merci aux membres du bureau et \u00e0 notre salari\u00e9e qui se sont investis dans cette op\u00e9ration et merci \u00e0 la municipalit\u00e9 qui nous a accueillis.<\/p>\n<p><img loading=\"lazy\" decoding=\"async\" class=\"alignnone size-large wp-image-1115\" src=\"http:\/\/lemilitarial.com\/wp\/wp-content\/uploads\/2018\/07\/tour-france-2018-1-1024x485.jpg\" alt=\"tour-france-2018-1\" width=\"604\" height=\"286\" srcset=\"http:\/\/lemilitarial.com\/wp\/wp-content\/uploads\/2018\/07\/tour-france-2018-1-1024x485.jpg 1024w, http:\/\/lemilitarial.com\/wp\/wp-content\/uploads\/2018\/07\/tour-france-2018-1-300x142.jpg 300w, http:\/\/lemilitarial.com\/wp\/wp-content\/uploads\/2018\/07\/tour-france-2018-1-768x364.jpg 768w, http:\/\/lemilitarial.com\/wp\/wp-content\/uploads\/2018\/07\/tour-france-2018-1.jpg 1971w\" sizes=\"auto, (max-width: 604px) 100vw, 604px\" \/> <img loading=\"lazy\" decoding=\"async\" class=\"alignnone size-large wp-image-1116\" src=\"http:\/\/lemilitarial.com\/wp\/wp-content\/uploads\/2018\/07\/tour-france-2018-3-1024x576.jpg\" alt=\"tour-france-2018-3\" width=\"604\" height=\"340\" srcset=\"http:\/\/lemilitarial.com\/wp\/wp-content\/uploads\/2018\/07\/tour-france-2018-3-1024x576.jpg 1024w, http:\/\/lemilitarial.com\/wp\/wp-content\/uploads\/2018\/07\/tour-france-2018-3-300x169.jpg 300w, http:\/\/lemilitarial.com\/wp\/wp-content\/uploads\/2018\/07\/tour-france-2018-3-768x432.jpg 768w\" sizes=\"auto, (max-width: 604px) 100vw, 604px\" \/><\/p>\n","protected":false},"excerpt":{"rendered":"<p>Dimanche 22 juillet lors de l&rsquo;\u00e9tape Millau Carcassonne, le Tour de France a travers\u00e9 le village de Boissezon. D\u00e8s l&rsquo;annonce de l&rsquo;\u00e9v\u00e8nement des mannequins du Mus\u00e9e avaient \u00e9mis le souhait de voir passer les coureurs. Madame le Maire leur avait&#8230;<br \/><a class=\"read-more-button\" href=\"http:\/\/lemilitarial.com\/wp\/2018\/07\/23\/les-mannequins-du-musee-sur-le-tour-de-france\/\">Savoir plus<\/a><\/p>\n","protected":false},"author":1,"featured_media":1118,"comment_status":"closed","ping_status":"closed","sticky":false,"template":"","format":"standard","meta":{"ngg_post_thumbnail":0,"footnotes":""},"categories":[9,6],"tags":[],"class_list":["post-1114","post","type-post","status-publish","format-standard","has-post-thumbnail","hentry","category-actualites","category-vie-du-musee"],"_links":{"self":[{"href":"http:\/\/lemilitarial.com\/wp\/wp-json\/wp\/v2\/posts\/1114","targetHints":{"allow":["GET"]}}],"collection":[{"href":"http:\/\/lemilitarial.com\/wp\/wp-json\/wp\/v2\/posts"}],"about":[{"href":"http:\/\/lemilitarial.com\/wp\/wp-json\/wp\/v2\/types\/post"}],"author":[{"embeddable":true,"href":"http:\/\/lemilitarial.com\/wp\/wp-json\/wp\/v2\/users\/1"}],"replies":[{"embeddable":true,"href":"http:\/\/lemilitarial.com\/wp\/wp-json\/wp\/v2\/comments?post=1114"}],"version-history":[{"count":2,"href":"http:\/\/lemilitarial.com\/wp\/wp-json\/wp\/v2\/posts\/1114\/revisions"}],"predecessor-version":[{"id":1122,"href":"http:\/\/lemilitarial.com\/wp\/wp-json\/wp\/v2\/posts\/1114\/revisions\/1122"}],"wp:featuredmedia":[{"embeddable":true,"href":"http:\/\/lemilitarial.com\/wp\/wp-json\/wp\/v2\/media\/1118"}],"wp:attachment":[{"href":"http:\/\/lemilitarial.com\/wp\/wp-json\/wp\/v2\/media?parent=1114"}],"wp:term":[{"taxonomy":"category","embeddable":true,"href":"http:\/\/lemilitarial.com\/wp\/wp-json\/wp\/v2\/categories?post=1114"},{"taxonomy":"post_tag","embeddable":true,"href":"http:\/\/lemilitarial.com\/wp\/wp-json\/wp\/v2\/tags?post=1114"}],"curies":[{"name":"wp","href":"https:\/\/api.w.org\/{rel}","templated":true}]}}