{"id":1017,"date":"2018-03-29T09:45:11","date_gmt":"2018-03-29T07:45:11","guid":{"rendered":"http:\/\/lemilitarial.com\/wp\/?p=1017"},"modified":"2018-03-29T09:51:39","modified_gmt":"2018-03-29T07:51:39","slug":"assemblee-generale","status":"publish","type":"post","link":"http:\/\/lemilitarial.com\/wp\/2018\/03\/29\/assemblee-generale\/","title":{"rendered":"Assembl\u00e9e G\u00e9n\u00e9rale"},"content":{"rendered":"<p>Une cinquantaine de personnes \u00e9taient pr\u00e9sentes lors de notre assembl\u00e9e g\u00e9n\u00e9rale qui s\u2019est tenue le &nbsp;dimanche 25 mars 2018 \u00e0 la salle communale de Boissezon. Parmi elles Madame Cabanis conseill\u00e8re d\u00e9partementale repr\u00e9sentant le Pr\u00e9sident du D\u00e9partement, Madame Cabrol Maire de Boissezon et Monsieur Milhet son premier adjoint.<br \/>\nComme il est de tradition une collation avec caf\u00e9 et croissants attendait les adh\u00e9rents dont certains avaient parcouru plus de 100 kilom\u00e8tres traversant enti\u00e8rement le d\u00e9partement du Tarn ou venant des d\u00e9partements limitrophes.<br \/>\nUne visite du mus\u00e9e a permis de se rendre compte des nouveaux am\u00e9nagements r\u00e9alis\u00e9s en 2017 en particulier au niveau des vitrines de mannequins.<\/p>\n<p>A dix heures le pr\u00e9sident Jean-Pierre Darmais a ouvert la s\u00e9ance en demandant d\u2019observer une minute de silence \u00e0 la m\u00e9moire des adh\u00e9rents disparus et des soldats morts au combat durant l\u2019ann\u00e9e 2017. Apr\u00e8s s\u2019\u00eatre assur\u00e9 que le quorum \u00e9tait atteint, il a pr\u00e9sent\u00e9 le rapport moral de l\u2019association.<\/p>\n<p><img loading=\"lazy\" decoding=\"async\" class=\"alignnone size-large wp-image-1018\" src=\"http:\/\/lemilitarial.com\/wp\/wp-content\/uploads\/2018\/03\/IMG_2495-1024x768.jpg\" alt=\"IMG_2495\" width=\"604\" height=\"453\" srcset=\"http:\/\/lemilitarial.com\/wp\/wp-content\/uploads\/2018\/03\/IMG_2495-1024x768.jpg 1024w, http:\/\/lemilitarial.com\/wp\/wp-content\/uploads\/2018\/03\/IMG_2495-300x225.jpg 300w, http:\/\/lemilitarial.com\/wp\/wp-content\/uploads\/2018\/03\/IMG_2495-768x576.jpg 768w\" sizes=\"auto, (max-width: 604px) 100vw, 604px\" \/><\/p>\n<p>Jean-Claude Planes secr\u00e9taire a retrac\u00e9 les activit\u00e9s de l\u2019ann\u00e9e \u00e9coul\u00e9e. Une dizaine de b\u00e9n\u00e9voles ont \u00e9t\u00e9 pr\u00e9sents tous les samedi pour ranger, nettoyer, inventorier. Le r\u00e9sultat est l\u00e0&nbsp;: 6900 objets inventori\u00e9s et rang\u00e9s tant dans les salles d\u2019exposition que dans les r\u00e9serves. La fr\u00e9quentation du mus\u00e9e est en forte progression.<br \/>\n2018 devrait permettre de r\u00e9aliser des mallettes p\u00e9dagogiques \u00e0 l\u2019attention des \u00e9coles coll\u00e8ges et lyc\u00e9es.<br \/>\nClaude Castan notre tr\u00e9sorier a pr\u00e9sent\u00e9 le budget r\u00e9alis\u00e9 en 2017. Un budget \u00e0 l\u2019\u00e9quilibre qui montre la rigueur de la gestion. Pour 2018 il a pr\u00e9sent\u00e9 2 budgets pr\u00e9visionnels selon que nous aurons ou non un emploi aid\u00e9.<br \/>\nApr\u00e8s avoir \u00e9voqu\u00e9 dans les questions diverses le probl\u00e8me survenu fin f\u00e9vrier 2018, et que chacun ait pu s\u2019exprimer, le Pr\u00e9sident a clos la s\u00e9ance en invitant \u00e0 partager le verre de l\u2019amiti\u00e9 offert par la municipalit\u00e9 de Boissezon.<\/p>\n<p>La r\u00e9union s\u2019est ensuite poursuivie pour ceux qui le souhaitaient par un repas convivial \u00e0 l\u2019Hostellerie d\u2019Oc de Noailhac. Comme il est maintenant de tradition le repas et la journ\u00e9e se sont termin\u00e9s par l\u2019omelette norv\u00e9gienne si ch\u00e8re \u00e0 notre pr\u00e9sident fondateur.<\/p>\n<p><img loading=\"lazy\" decoding=\"async\" class=\"alignnone size-medium wp-image-1021\" src=\"http:\/\/lemilitarial.com\/wp\/wp-content\/uploads\/2018\/03\/IMG_2504-300x225.jpg\" alt=\"IMG_2504\" width=\"300\" height=\"225\" srcset=\"http:\/\/lemilitarial.com\/wp\/wp-content\/uploads\/2018\/03\/IMG_2504-300x225.jpg 300w, http:\/\/lemilitarial.com\/wp\/wp-content\/uploads\/2018\/03\/IMG_2504-768x576.jpg 768w, http:\/\/lemilitarial.com\/wp\/wp-content\/uploads\/2018\/03\/IMG_2504-1024x768.jpg 1024w\" sizes=\"auto, (max-width: 300px) 100vw, 300px\" \/><img loading=\"lazy\" decoding=\"async\" class=\"alignnone size-medium wp-image-1019\" src=\"http:\/\/lemilitarial.com\/wp\/wp-content\/uploads\/2018\/03\/IMG_2501-300x225.jpg\" alt=\"IMG_2501\" width=\"300\" height=\"225\" srcset=\"http:\/\/lemilitarial.com\/wp\/wp-content\/uploads\/2018\/03\/IMG_2501-300x225.jpg 300w, http:\/\/lemilitarial.com\/wp\/wp-content\/uploads\/2018\/03\/IMG_2501-768x576.jpg 768w, http:\/\/lemilitarial.com\/wp\/wp-content\/uploads\/2018\/03\/IMG_2501-1024x768.jpg 1024w\" sizes=\"auto, (max-width: 300px) 100vw, 300px\" \/><img loading=\"lazy\" decoding=\"async\" class=\"alignnone size-medium wp-image-1020\" src=\"http:\/\/lemilitarial.com\/wp\/wp-content\/uploads\/2018\/03\/IMG_2503-300x225.jpg\" alt=\"IMG_2503\" width=\"300\" height=\"225\" srcset=\"http:\/\/lemilitarial.com\/wp\/wp-content\/uploads\/2018\/03\/IMG_2503-300x225.jpg 300w, http:\/\/lemilitarial.com\/wp\/wp-content\/uploads\/2018\/03\/IMG_2503-768x576.jpg 768w, http:\/\/lemilitarial.com\/wp\/wp-content\/uploads\/2018\/03\/IMG_2503-1024x768.jpg 1024w\" sizes=\"auto, (max-width: 300px) 100vw, 300px\" \/>&nbsp; <img loading=\"lazy\" decoding=\"async\" class=\"alignnone size-medium wp-image-1022\" src=\"http:\/\/lemilitarial.com\/wp\/wp-content\/uploads\/2018\/03\/IMG_2505-300x225.jpg\" alt=\"IMG_2505\" width=\"300\" height=\"225\" srcset=\"http:\/\/lemilitarial.com\/wp\/wp-content\/uploads\/2018\/03\/IMG_2505-300x225.jpg 300w, http:\/\/lemilitarial.com\/wp\/wp-content\/uploads\/2018\/03\/IMG_2505-768x576.jpg 768w, http:\/\/lemilitarial.com\/wp\/wp-content\/uploads\/2018\/03\/IMG_2505-1024x768.jpg 1024w\" sizes=\"auto, (max-width: 300px) 100vw, 300px\" \/><\/p>\n","protected":false},"excerpt":{"rendered":"<p>Une cinquantaine de personnes \u00e9taient pr\u00e9sentes lors de notre assembl\u00e9e g\u00e9n\u00e9rale qui s\u2019est tenue le &nbsp;dimanche 25 mars 2018 \u00e0 la salle communale de Boissezon. Parmi elles Madame Cabanis conseill\u00e8re d\u00e9partementale repr\u00e9sentant le Pr\u00e9sident du D\u00e9partement, Madame Cabrol Maire de&#8230;<br \/><a class=\"read-more-button\" href=\"http:\/\/lemilitarial.com\/wp\/2018\/03\/29\/assemblee-generale\/\">Savoir plus<\/a><\/p>\n","protected":false},"author":1,"featured_media":1018,"comment_status":"closed","ping_status":"closed","sticky":false,"template":"","format":"standard","meta":{"ngg_post_thumbnail":0,"footnotes":""},"categories":[9],"tags":[],"class_list":["post-1017","post","type-post","status-publish","format-standard","has-post-thumbnail","hentry","category-actualites"],"_links":{"self":[{"href":"http:\/\/lemilitarial.com\/wp\/wp-json\/wp\/v2\/posts\/1017","targetHints":{"allow":["GET"]}}],"collection":[{"href":"http:\/\/lemilitarial.com\/wp\/wp-json\/wp\/v2\/posts"}],"about":[{"href":"http:\/\/lemilitarial.com\/wp\/wp-json\/wp\/v2\/types\/post"}],"author":[{"embeddable":true,"href":"http:\/\/lemilitarial.com\/wp\/wp-json\/wp\/v2\/users\/1"}],"replies":[{"embeddable":true,"href":"http:\/\/lemilitarial.com\/wp\/wp-json\/wp\/v2\/comments?post=1017"}],"version-history":[{"count":5,"href":"http:\/\/lemilitarial.com\/wp\/wp-json\/wp\/v2\/posts\/1017\/revisions"}],"predecessor-version":[{"id":1027,"href":"http:\/\/lemilitarial.com\/wp\/wp-json\/wp\/v2\/posts\/1017\/revisions\/1027"}],"wp:featuredmedia":[{"embeddable":true,"href":"http:\/\/lemilitarial.com\/wp\/wp-json\/wp\/v2\/media\/1018"}],"wp:attachment":[{"href":"http:\/\/lemilitarial.com\/wp\/wp-json\/wp\/v2\/media?parent=1017"}],"wp:term":[{"taxonomy":"category","embeddable":true,"href":"http:\/\/lemilitarial.com\/wp\/wp-json\/wp\/v2\/categories?post=1017"},{"taxonomy":"post_tag","embeddable":true,"href":"http:\/\/lemilitarial.com\/wp\/wp-json\/wp\/v2\/tags?post=1017"}],"curies":[{"name":"wp","href":"https:\/\/api.w.org\/{rel}","templated":true}]}}